{"id":427,"date":"2020-02-13T14:37:21","date_gmt":"2020-02-13T13:37:21","guid":{"rendered":"https:\/\/stamparmakarije.me\/2020\/02\/13\/sigurno-i-odgovorno-koriscenje-interneta\/"},"modified":"2022-10-27T01:12:23","modified_gmt":"2022-10-26T23:12:23","slug":"sigurno-i-odgovorno-koriscenje-interneta","status":"publish","type":"post","link":"https:\/\/stamparmakarije.me\/?p=427","title":{"rendered":"Sigurno i odgovorno kori\u0161\u0107enje Interneta"},"content":{"rendered":"<p><span style=\"color: #1c1e21; font-family: Helvetica, Arial, sans-serif; font-size: 14px; text-align: start;\">Vr\u0161nja\u010dki edukatori Milica Miranovi\u0107 i Gojko Bo\u0161kovi\u0107 koji su \u010dlanovi Volonterskog kluba Gimnazije &#8220;Slobodan \u0160kerovi\u0107&#8221;, odr\u017eali su radionicu \u010dlanovima U\u010deni\u010dkog parlamenta na temu &#8220;Sigurno i odgovorno kori\u0161\u0107enje interneta&#8221; povodom Dana sigurnog interneta.<\/span><\/p>\n<p><!--more--><\/p>\n<p>&nbsp;{AG rootFolder=&#8221;\/images\/sampledata&#8221; thumbWidth=&#8221;200&#8221; thumbHeight=&#8221;130&#8221; newImageTag=&#8221;0&#8221; newImageTag_days=&#8221;7&#8221; paginUse=&#8221;1&#8221; paginImagesPerGallery=&#8221;10&#8221; albumUse=&#8221;1&#8221; backgroundColor=&#8221;#ffffff&#8221; foregroundColor=&#8221;#808080&#8221; highliteColor=&#8221;#fea804&#8221; frame_width=&#8221;500&#8221; frame_height=&#8221;350&#8221; showSignature=&#8221;0&#8221; plainTextCaptions=&#8221;1&#8221; ignoreError=&#8221;1&#8221; ignoreAllError=&#8221;0&#8221; thumbAutoSize=&#8221;none&#8221; template=&#8221;classic&#8221; popupEngine=&#8221;pirobox&#8221; arrange=&#8221;priority&#8221;}\/2019\/sigurno_koriscenje_interneta{\/AG}<\/p>\n","protected":false},"excerpt":{"rendered":"<p>Vr\u0161nja\u010dki edukatori Milica Miranovi\u0107 i Gojko Bo\u0161kovi\u0107 koji su \u010dlanovi Volonterskog kluba Gimnazije &#8220;Slobodan \u0160kerovi\u0107&#8221;, odr\u017eali su radionicu \u010dlanovima U\u010deni\u010dkog parlamenta na temu &#8220;Sigurno i odgovorno kori\u0161\u0107enje interneta&#8221; povodom Dana sigurnog interneta.<\/p>\n","protected":false},"author":1,"featured_media":426,"comment_status":"closed","ping_status":"open","sticky":false,"template":"","format":"standard","meta":{"footnotes":""},"categories":[2],"tags":[],"class_list":["post-427","post","type-post","status-publish","format-standard","has-post-thumbnail","hentry","category-naslovna"],"_links":{"self":[{"href":"https:\/\/stamparmakarije.me\/index.php?rest_route=\/wp\/v2\/posts\/427","targetHints":{"allow":["GET"]}}],"collection":[{"href":"https:\/\/stamparmakarije.me\/index.php?rest_route=\/wp\/v2\/posts"}],"about":[{"href":"https:\/\/stamparmakarije.me\/index.php?rest_route=\/wp\/v2\/types\/post"}],"author":[{"embeddable":true,"href":"https:\/\/stamparmakarije.me\/index.php?rest_route=\/wp\/v2\/users\/1"}],"replies":[{"embeddable":true,"href":"https:\/\/stamparmakarije.me\/index.php?rest_route=%2Fwp%2Fv2%2Fcomments&post=427"}],"version-history":[{"count":1,"href":"https:\/\/stamparmakarije.me\/index.php?rest_route=\/wp\/v2\/posts\/427\/revisions"}],"predecessor-version":[{"id":1290,"href":"https:\/\/stamparmakarije.me\/index.php?rest_route=\/wp\/v2\/posts\/427\/revisions\/1290"}],"wp:featuredmedia":[{"embeddable":true,"href":"https:\/\/stamparmakarije.me\/index.php?rest_route=\/wp\/v2\/media\/426"}],"wp:attachment":[{"href":"https:\/\/stamparmakarije.me\/index.php?rest_route=%2Fwp%2Fv2%2Fmedia&parent=427"}],"wp:term":[{"taxonomy":"category","embeddable":true,"href":"https:\/\/stamparmakarije.me\/index.php?rest_route=%2Fwp%2Fv2%2Fcategories&post=427"},{"taxonomy":"post_tag","embeddable":true,"href":"https:\/\/stamparmakarije.me\/index.php?rest_route=%2Fwp%2Fv2%2Ftags&post=427"}],"curies":[{"name":"wp","href":"https:\/\/api.w.org\/{rel}","templated":true}]}}