{"id":421,"date":"2020-02-09T19:12:55","date_gmt":"2020-02-09T18:12:55","guid":{"rendered":"https:\/\/stamparmakarije.me\/2020\/02\/09\/raspisan-tender-za-izbor-izvodjaca-radova-na-adaptaciji-dodatnog-skolskog-prostora\/"},"modified":"2022-10-27T01:12:23","modified_gmt":"2022-10-26T23:12:23","slug":"raspisan-tender-za-izbor-izvodjaca-radova-na-adaptaciji-dodatnog-skolskog-prostora","status":"publish","type":"post","link":"https:\/\/stamparmakarije.me\/?p=421","title":{"rendered":"Raspisan tender za izbor izvo\u0111a\u010da radova na adaptaciji dodatnog \u0161kolskog prostora"},"content":{"rendered":"<p style=\"margin-top: 0px; margin-bottom: 6px; font-family: Helvetica, Arial, sans-serif; color: #1c1e21; font-size: 14px; text-align: start;\">7. februara je raspisan tender za izbor izvo\u0111a\u010da radova na adaptaciji dodatnog \u0161kolskog prostora. Novoure\u0111eni ambijent \u0107e rasteretiti kapacitete unutar same \u0161kole.<\/p>\n<p style=\"margin-top: 6px; margin-bottom: 6px; font-family: Helvetica, Arial, sans-serif; color: #1c1e21; font-size: 14px; text-align: start;\"><span class=\"_5mfr\" style=\"margin: 0px 1px; font-family: inherit;\"><span class=\"_6qdm\" style=\"background-repeat: no-repeat; background-size: contain; color: transparent; display: inline-block; text-shadow: none; vertical-align: text-bottom; font-family: inherit; height: 16px; width: 16px; font-size: 16px; background-image: url('https:\/\/static.xx.fbcdn.net\/images\/emoji.php\/v9\/tc7\/1.5\/16\/1f1f2_1f1ea.png');\">??<\/span><\/span>&nbsp;<span class=\"_5mfr\" style=\"margin: 0px 1px; font-family: inherit;\"><span class=\"_6qdm\" style=\"background-repeat: no-repeat; background-size: contain; color: transparent; display: inline-block; text-shadow: none; vertical-align: text-bottom; font-family: inherit; height: 16px; width: 16px; font-size: 16px; background-image: url('https:\/\/static.xx.fbcdn.net\/images\/emoji.php\/v9\/t5f\/1.5\/16\/1f1e8_1f1f3.png');\">??<\/span><\/span>&nbsp;Ovu izuzetno vrijednu donaciju podr\u017eali su Ministarstvo prosvjete Crne Gore i Ambasada Narodne Republike Kine.<\/p>\n<p>Pro\u010ditajte vi\u0161e o ovome na sajtu Ministarstva prosvjete:&nbsp;<a href=\"http:\/\/www.mpin.gov.me\/vijesti\/220350\/Raspisan-tender-za-izbor-izvodaca-radova-na-prosirenju-Os-stampar-Makarije.html?fbclid=IwAR2dczSzwRWUTM1_qxmYW_w3ExM3UZWVc4_dKHTcppvLvabXNtzgixR5JRM\">http:\/\/www.mpin.gov.me\/vijesti\/220350\/Raspisan-tender-za-izbor-izvodaca-radova-na-prosirenju-Os-stampar-Makarije.html?fbclid=IwAR2dczSzwRWUTM1_qxmYW_w3ExM3UZWVc4_dKHTcppvLvabXNtzgixR5JRM<\/a><\/p>\n","protected":false},"excerpt":{"rendered":"<p>7. februara je raspisan tender za izbor izvo\u0111a\u010da radova na adaptaciji dodatnog \u0161kolskog prostora. Novoure\u0111eni ambijent \u0107e rasteretiti kapacitete unutar same \u0161kole. ??&nbsp;??&nbsp;Ovu izuzetno vrijednu donaciju podr\u017eali su Ministarstvo prosvjete Crne Gore i Ambasada Narodne Republike Kine. Pro\u010ditajte vi\u0161e o <a href=\"https:\/\/stamparmakarije.me\/?p=421\" class=\"read-more\">Op\u0161irnije&#8230;<\/a><\/p>\n","protected":false},"author":1,"featured_media":0,"comment_status":"closed","ping_status":"open","sticky":false,"template":"","format":"standard","meta":{"footnotes":""},"categories":[2],"tags":[],"class_list":["post-421","post","type-post","status-publish","format-standard","hentry","category-naslovna"],"_links":{"self":[{"href":"https:\/\/stamparmakarije.me\/index.php?rest_route=\/wp\/v2\/posts\/421","targetHints":{"allow":["GET"]}}],"collection":[{"href":"https:\/\/stamparmakarije.me\/index.php?rest_route=\/wp\/v2\/posts"}],"about":[{"href":"https:\/\/stamparmakarije.me\/index.php?rest_route=\/wp\/v2\/types\/post"}],"author":[{"embeddable":true,"href":"https:\/\/stamparmakarije.me\/index.php?rest_route=\/wp\/v2\/users\/1"}],"replies":[{"embeddable":true,"href":"https:\/\/stamparmakarije.me\/index.php?rest_route=%2Fwp%2Fv2%2Fcomments&post=421"}],"version-history":[{"count":1,"href":"https:\/\/stamparmakarije.me\/index.php?rest_route=\/wp\/v2\/posts\/421\/revisions"}],"predecessor-version":[{"id":1294,"href":"https:\/\/stamparmakarije.me\/index.php?rest_route=\/wp\/v2\/posts\/421\/revisions\/1294"}],"wp:attachment":[{"href":"https:\/\/stamparmakarije.me\/index.php?rest_route=%2Fwp%2Fv2%2Fmedia&parent=421"}],"wp:term":[{"taxonomy":"category","embeddable":true,"href":"https:\/\/stamparmakarije.me\/index.php?rest_route=%2Fwp%2Fv2%2Fcategories&post=421"},{"taxonomy":"post_tag","embeddable":true,"href":"https:\/\/stamparmakarije.me\/index.php?rest_route=%2Fwp%2Fv2%2Ftags&post=421"}],"curies":[{"name":"wp","href":"https:\/\/api.w.org\/{rel}","templated":true}]}}