{"id":412,"date":"2019-12-26T18:58:43","date_gmt":"2019-12-26T17:58:43","guid":{"rendered":"https:\/\/stamparmakarije.me\/2019\/12\/26\/sa-drugarima-iz-nvo-pruzite-nam-sansu\/"},"modified":"2022-10-27T01:12:23","modified_gmt":"2022-10-26T23:12:23","slug":"sa-drugarima-iz-nvo-pruzite-nam-sansu","status":"publish","type":"post","link":"https:\/\/stamparmakarije.me\/?p=412","title":{"rendered":"Sa drugarima iz NVO &#8220;Pru\u017eite nam \u0161ansu&#8221;"},"content":{"rendered":"<p><span style=\"color: #1c1e21; font-family: Helvetica, Arial, sans-serif; font-size: 14px; text-align: start;\">Dana 23.12.2019. godine, \u010dlanovi \u0110a\u010dkog parlamenta sa direktoricom Nata\u0161om Vlahovi\u0107, psiholo\u0161kinjom Du\u0161icom Dubljevi\u0107 i nastavnicom Irenom Pavi\u0107evi\u0107 su se ponovo dru\u017eili sa svojim &#8220;starim&#8221; drugarima iz NVO &#8220;Pru\u017eite nam \u0161ansu&#8221;. Ali, ovog puta su oni nas ugostili, pokazali nam svoj ambijent u kome stvaraju i provode vrijeme. Dru\u017eenje se zavr\u0161ilo zajedni\u010dkom \u017eurkom, a i obostranim prigodnim poklonima. Na\u0161i u\u010denici su im darivali zajedni\u010dku fotografiju, dok su oni svojim likovnim radovima iskazali zahvalnost i pa\u017enju prema novim prijateljima iz &#8220;\u0160tampar Makarija&#8221;.<\/span><\/p>\n<p><!--more--><\/p>\n<p>&nbsp;{AG rootFolder=&#8221;\/images\/sampledata&#8221; thumbWidth=&#8221;200&#8221; thumbHeight=&#8221;130&#8221; newImageTag=&#8221;0&#8221; newImageTag_days=&#8221;7&#8221; paginUse=&#8221;1&#8221; paginImagesPerGallery=&#8221;10&#8221; albumUse=&#8221;1&#8221; backgroundColor=&#8221;#ffffff&#8221; foregroundColor=&#8221;#808080&#8221; highliteColor=&#8221;#fea804&#8221; frame_width=&#8221;500&#8221; frame_height=&#8221;350&#8221; showSignature=&#8221;0&#8221; plainTextCaptions=&#8221;1&#8221; ignoreError=&#8221;1&#8221; ignoreAllError=&#8221;0&#8221; thumbAutoSize=&#8221;none&#8221; template=&#8221;classic&#8221; popupEngine=&#8221;pirobox&#8221; arrange=&#8221;priority&#8221;}\/2019\/nvo_pruzite_nam_sansu{\/AG}<\/p>\n","protected":false},"excerpt":{"rendered":"<p>Dana 23.12.2019. godine, \u010dlanovi \u0110a\u010dkog parlamenta sa direktoricom Nata\u0161om Vlahovi\u0107, psiholo\u0161kinjom Du\u0161icom Dubljevi\u0107 i nastavnicom Irenom Pavi\u0107evi\u0107 su se ponovo dru\u017eili sa svojim &#8220;starim&#8221; drugarima iz NVO &#8220;Pru\u017eite nam \u0161ansu&#8221;. Ali, ovog puta su oni nas ugostili, pokazali nam svoj <a href=\"https:\/\/stamparmakarije.me\/?p=412\" class=\"read-more\">Op\u0161irnije&#8230;<\/a><\/p>\n","protected":false},"author":1,"featured_media":411,"comment_status":"closed","ping_status":"open","sticky":false,"template":"","format":"standard","meta":{"footnotes":""},"categories":[2],"tags":[],"class_list":["post-412","post","type-post","status-publish","format-standard","has-post-thumbnail","hentry","category-naslovna"],"_links":{"self":[{"href":"https:\/\/stamparmakarije.me\/index.php?rest_route=\/wp\/v2\/posts\/412","targetHints":{"allow":["GET"]}}],"collection":[{"href":"https:\/\/stamparmakarije.me\/index.php?rest_route=\/wp\/v2\/posts"}],"about":[{"href":"https:\/\/stamparmakarije.me\/index.php?rest_route=\/wp\/v2\/types\/post"}],"author":[{"embeddable":true,"href":"https:\/\/stamparmakarije.me\/index.php?rest_route=\/wp\/v2\/users\/1"}],"replies":[{"embeddable":true,"href":"https:\/\/stamparmakarije.me\/index.php?rest_route=%2Fwp%2Fv2%2Fcomments&post=412"}],"version-history":[{"count":1,"href":"https:\/\/stamparmakarije.me\/index.php?rest_route=\/wp\/v2\/posts\/412\/revisions"}],"predecessor-version":[{"id":1299,"href":"https:\/\/stamparmakarije.me\/index.php?rest_route=\/wp\/v2\/posts\/412\/revisions\/1299"}],"wp:featuredmedia":[{"embeddable":true,"href":"https:\/\/stamparmakarije.me\/index.php?rest_route=\/wp\/v2\/media\/411"}],"wp:attachment":[{"href":"https:\/\/stamparmakarije.me\/index.php?rest_route=%2Fwp%2Fv2%2Fmedia&parent=412"}],"wp:term":[{"taxonomy":"category","embeddable":true,"href":"https:\/\/stamparmakarije.me\/index.php?rest_route=%2Fwp%2Fv2%2Fcategories&post=412"},{"taxonomy":"post_tag","embeddable":true,"href":"https:\/\/stamparmakarije.me\/index.php?rest_route=%2Fwp%2Fv2%2Ftags&post=412"}],"curies":[{"name":"wp","href":"https:\/\/api.w.org\/{rel}","templated":true}]}}