{"id":380,"date":"2019-12-11T15:20:32","date_gmt":"2019-12-11T14:20:32","guid":{"rendered":"https:\/\/stamparmakarije.me\/2019\/12\/11\/nagrade-i-medalje-na-vii-prvenstvu-u-ubrzanom-sahu\/"},"modified":"2022-10-27T01:12:24","modified_gmt":"2022-10-26T23:12:24","slug":"nagrade-i-medalje-na-vii-prvenstvu-u-ubrzanom-sahu","status":"publish","type":"post","link":"https:\/\/stamparmakarije.me\/?p=380","title":{"rendered":"Nagrade i medalje na VII prvenstvu u ubrzanom \u0161ahu"},"content":{"rendered":"<p><span class=\"_5mfr\" style=\"color: #1c1e21; font-family: inherit; font-size: 14px; text-align: start; background-color: initial; margin: 0px 1px;\"><span class=\"_6qdm\" style=\"background-repeat: no-repeat; background-size: contain; color: transparent; display: inline-block; text-shadow: none; vertical-align: text-bottom; font-family: inherit; height: 16px; width: 16px; font-size: 16px; background-image: url('https:\/\/static.xx.fbcdn.net\/images\/emoji.php\/v9\/t10\/1.5\/16\/1f917.png');\">?<\/span><\/span><span class=\"_5mfr\" style=\"color: #1c1e21; font-family: inherit; font-size: 14px; text-align: start; background-color: initial; margin: 0px 1px;\"><span class=\"_6qdm\" style=\"background-repeat: no-repeat; background-size: contain; color: transparent; display: inline-block; text-shadow: none; vertical-align: text-bottom; font-family: inherit; height: 16px; width: 16px; font-size: 16px; background-image: url('https:\/\/static.xx.fbcdn.net\/images\/emoji.php\/v9\/tf3\/1.5\/16\/2764.png');\">\u2764<\/span><\/span><span style=\"color: #1c1e21; font-family: Helvetica, Arial, sans-serif; font-size: 14px; text-align: start; background-color: initial;\"><\/span><span style=\"color: #1c1e21; font-family: Helvetica, Arial, sans-serif; font-size: 14px; text-align: start; background-color: initial;\">Na VII-om Prvenstvu Crne Gore u ubrzanom \u0161ahu koje je odr\u017eano 7. decembra u Podgorici, u\u010destvovalo je preko 90 takmi\u010dara iz svih gradova Crne Gore.<\/span><\/p>\n<p style=\"margin-top: 0px; margin-bottom: 6px; font-family: Helvetica, Arial, sans-serif; color: #1c1e21; font-size: 14px; text-align: start;\"><span class=\"_5mfr\" style=\"margin: 0px 1px; font-family: inherit;\"><span class=\"_6qdm\" style=\"background-repeat: no-repeat; background-size: contain; color: transparent; display: inline-block; text-shadow: none; vertical-align: text-bottom; font-family: inherit; height: 16px; width: 16px; font-size: 16px; background-image: url('https:\/\/static.xx.fbcdn.net\/images\/emoji.php\/v9\/ted\/1.5\/16\/1f947.png');\">?<\/span><\/span><span class=\"_5mfr\" style=\"margin: 0px 1px; font-family: inherit;\"><span class=\"_6qdm\" style=\"background-repeat: no-repeat; background-size: contain; color: transparent; display: inline-block; text-shadow: none; vertical-align: text-bottom; font-family: inherit; height: 16px; width: 16px; font-size: 16px; background-image: url('https:\/\/static.xx.fbcdn.net\/images\/emoji.php\/v9\/t17\/1.5\/16\/1f3c6.png');\">?<\/span><\/span><span class=\"_5mfr\" style=\"margin: 0px 1px; font-family: inherit;\"><span class=\"_6qdm\" style=\"background-repeat: no-repeat; background-size: contain; color: transparent; display: inline-block; text-shadow: none; vertical-align: text-bottom; font-family: inherit; height: 16px; width: 16px; font-size: 16px; background-image: url('https:\/\/static.xx.fbcdn.net\/images\/emoji.php\/v9\/t45\/1.5\/16\/265f.png');\">\u265f<\/span><\/span>Na\u0161i u\u010denici osvojili su 4 zlatne i jednu bronzanu medalju.<br \/>Pehare i zlatne medalje osvojili su:<br \/>Milovi\u0107 Sofija G &#8211; 8<br \/>Mosurovi\u0107 Milena G &#8211; 12<span class=\"text_exposed_show\" style=\"display: inline; font-family: inherit;\"><br \/>Popovi\u0107 Mateja G &#8211; 14<br \/>Milovi\u0107 Ilija B &#8211; 10.<\/span><\/p>\n<div class=\"text_exposed_show\" style=\"display: inline; font-family: Helvetica, Arial, sans-serif; color: #1c1e21; font-size: 14px; text-align: start;\">\n<p style=\"margin-top: 0px; margin-bottom: 6px; font-family: inherit;\"><span class=\"_5mfr\" style=\"margin: 0px 1px; font-family: inherit;\"><span class=\"_6qdm\" style=\"background-repeat: no-repeat; background-size: contain; color: transparent; display: inline-block; text-shadow: none; vertical-align: text-bottom; font-family: inherit; height: 16px; width: 16px; font-size: 16px; background-image: url('https:\/\/static.xx.fbcdn.net\/images\/emoji.php\/v9\/tef\/1.5\/16\/1f949.png');\">?<\/span><\/span><span class=\"_5mfr\" style=\"margin: 0px 1px; font-family: inherit;\"><span class=\"_6qdm\" style=\"background-repeat: no-repeat; background-size: contain; color: transparent; display: inline-block; text-shadow: none; vertical-align: text-bottom; font-family: inherit; height: 16px; width: 16px; font-size: 16px; background-image: url('https:\/\/static.xx.fbcdn.net\/images\/emoji.php\/v9\/t10\/1.5\/16\/1f917.png');\">?<\/span><\/span>Tre\u0107e mjesto i bronzanu medalju osvojio je \u017di\u017ei\u0107 \u0110or\u0111e u kategoriji dje\u010daka do 10 godina.<\/p>\n<\/div>\n","protected":false},"excerpt":{"rendered":"<p>?\u2764Na VII-om Prvenstvu Crne Gore u ubrzanom \u0161ahu koje je odr\u017eano 7. decembra u Podgorici, u\u010destvovalo je preko 90 takmi\u010dara iz svih gradova Crne Gore. ??\u265fNa\u0161i u\u010denici osvojili su 4 zlatne i jednu bronzanu medalju.Pehare i zlatne medalje osvojili su:Milovi\u0107 <a href=\"https:\/\/stamparmakarije.me\/?p=380\" class=\"read-more\">Op\u0161irnije&#8230;<\/a><\/p>\n","protected":false},"author":1,"featured_media":379,"comment_status":"closed","ping_status":"open","sticky":false,"template":"","format":"standard","meta":{"footnotes":""},"categories":[2],"tags":[],"class_list":["post-380","post","type-post","status-publish","format-standard","has-post-thumbnail","hentry","category-naslovna"],"_links":{"self":[{"href":"https:\/\/stamparmakarije.me\/index.php?rest_route=\/wp\/v2\/posts\/380","targetHints":{"allow":["GET"]}}],"collection":[{"href":"https:\/\/stamparmakarije.me\/index.php?rest_route=\/wp\/v2\/posts"}],"about":[{"href":"https:\/\/stamparmakarije.me\/index.php?rest_route=\/wp\/v2\/types\/post"}],"author":[{"embeddable":true,"href":"https:\/\/stamparmakarije.me\/index.php?rest_route=\/wp\/v2\/users\/1"}],"replies":[{"embeddable":true,"href":"https:\/\/stamparmakarije.me\/index.php?rest_route=%2Fwp%2Fv2%2Fcomments&post=380"}],"version-history":[{"count":1,"href":"https:\/\/stamparmakarije.me\/index.php?rest_route=\/wp\/v2\/posts\/380\/revisions"}],"predecessor-version":[{"id":1317,"href":"https:\/\/stamparmakarije.me\/index.php?rest_route=\/wp\/v2\/posts\/380\/revisions\/1317"}],"wp:featuredmedia":[{"embeddable":true,"href":"https:\/\/stamparmakarije.me\/index.php?rest_route=\/wp\/v2\/media\/379"}],"wp:attachment":[{"href":"https:\/\/stamparmakarije.me\/index.php?rest_route=%2Fwp%2Fv2%2Fmedia&parent=380"}],"wp:term":[{"taxonomy":"category","embeddable":true,"href":"https:\/\/stamparmakarije.me\/index.php?rest_route=%2Fwp%2Fv2%2Fcategories&post=380"},{"taxonomy":"post_tag","embeddable":true,"href":"https:\/\/stamparmakarije.me\/index.php?rest_route=%2Fwp%2Fv2%2Ftags&post=380"}],"curies":[{"name":"wp","href":"https:\/\/api.w.org\/{rel}","templated":true}]}}